{"id":1681,"date":"2025-07-04T08:51:36","date_gmt":"2025-07-04T06:51:36","guid":{"rendered":"https:\/\/psv-augsburg.de\/judo\/?p=1681"},"modified":"2025-07-04T08:51:36","modified_gmt":"2025-07-04T06:51:36","slug":"neue-schwarzgurte-beim-psv","status":"publish","type":"post","link":"https:\/\/psv-augsburg.de\/judo\/neue-schwarzgurte-beim-psv\/","title":{"rendered":"Neue Schwarzgurte beim PSV"},"content":{"rendered":"\n<p>Nach vielen, vielen Jahren hat die Judoabteilung des Polizei-SV Augsburg endlich wieder zwei neue DAN-Tr\u00e4ger (Schwarzgurte). Nach einer 24-j\u00e4hrigen Wartezeit (seit der Braungurt-Pr\u00fcfung) bei <strong>Jochen Knorz<\/strong> und \u201enur\u201c 9 Jahren bei <strong>Artem Barkanov,<\/strong> legten Beide im Juni 2025 in M\u00fcnchen die Pr\u00fcfung ab.<\/p>\n<p>Nach monatelangen Vorbereitungen mussten Sie technische und theoretische Pr\u00fcfungen der Standtechniken (Nage-waza), der Bodentechniken (Katame-waza) , im \u201eFormenlauf\u201c (Kata) und bei einem Wahlfach (z.B.Wettkampf) ablegen. Die Pr\u00fcfungen erfolgten im Rahmen von Modulen und erstreckten sich \u00fcber einen Zeitraum von mehreren Wochen.<\/p>\n<p><img loading=\"lazy\" decoding=\"async\" class=\"alignnone size-full wp-image-1680\" src=\"https:\/\/psv-augsburg.de\/judo\/wp-content\/uploads\/2025\/07\/Artem-und-Jochen-scaled.jpg\" alt=\"\" width=\"2560\" height=\"1841\" srcset=\"https:\/\/psv-augsburg.de\/judo\/wp-content\/uploads\/2025\/07\/Artem-und-Jochen-scaled.jpg 2560w, https:\/\/psv-augsburg.de\/judo\/wp-content\/uploads\/2025\/07\/Artem-und-Jochen-300x216.jpg 300w, https:\/\/psv-augsburg.de\/judo\/wp-content\/uploads\/2025\/07\/Artem-und-Jochen-1024x737.jpg 1024w, https:\/\/psv-augsburg.de\/judo\/wp-content\/uploads\/2025\/07\/Artem-und-Jochen-768x552.jpg 768w, https:\/\/psv-augsburg.de\/judo\/wp-content\/uploads\/2025\/07\/Artem-und-Jochen-1536x1105.jpg 1536w, https:\/\/psv-augsburg.de\/judo\/wp-content\/uploads\/2025\/07\/Artem-und-Jochen-2048x1473.jpg 2048w\" sizes=\"(max-width: 767px) 89vw, (max-width: 1000px) 54vw, (max-width: 1071px) 543px, 580px\" \/><\/p>\n<p>Herzlichen Gl\u00fcckwunsch von der Judoabteilung<\/p>\n","protected":false},"excerpt":{"rendered":"<p>Nach vielen, vielen Jahren hat die Judoabteilung des Polizei-SV Augsburg endlich wieder zwei neue DAN-Tr\u00e4ger (Schwarzgurte). Nach einer 24-j\u00e4hrigen Wartezeit (seit der Braungurt-Pr\u00fcfung) bei Jochen Knorz und \u201enur\u201c 9 Jahren bei Artem Barkanov, legten Beide im Juni 2025 in M\u00fcnchen die Pr\u00fcfung ab. Nach monatelangen Vorbereitungen mussten Sie technische und theoretische Pr\u00fcfungen der Standtechniken (Nage-waza), &hellip; <\/p>\n<p class=\"link-more\"><a href=\"https:\/\/psv-augsburg.de\/judo\/neue-schwarzgurte-beim-psv\/\" class=\"more-link\"><span class=\"screen-reader-text\">\u201eNeue Schwarzgurte beim PSV\u201c<\/span> weiterlesen<\/a><\/p>\n","protected":false},"author":5,"featured_media":0,"comment_status":"closed","ping_status":"closed","sticky":false,"template":"","format":"standard","meta":{"ngg_post_thumbnail":0,"footnotes":""},"categories":[1],"tags":[],"class_list":["post-1681","post","type-post","status-publish","format-standard","hentry","category-allgemein"],"post_mailing_queue_ids":[],"_links":{"self":[{"href":"https:\/\/psv-augsburg.de\/judo\/wp-json\/wp\/v2\/posts\/1681"}],"collection":[{"href":"https:\/\/psv-augsburg.de\/judo\/wp-json\/wp\/v2\/posts"}],"about":[{"href":"https:\/\/psv-augsburg.de\/judo\/wp-json\/wp\/v2\/types\/post"}],"author":[{"embeddable":true,"href":"https:\/\/psv-augsburg.de\/judo\/wp-json\/wp\/v2\/users\/5"}],"replies":[{"embeddable":true,"href":"https:\/\/psv-augsburg.de\/judo\/wp-json\/wp\/v2\/comments?post=1681"}],"version-history":[{"count":1,"href":"https:\/\/psv-augsburg.de\/judo\/wp-json\/wp\/v2\/posts\/1681\/revisions"}],"predecessor-version":[{"id":1682,"href":"https:\/\/psv-augsburg.de\/judo\/wp-json\/wp\/v2\/posts\/1681\/revisions\/1682"}],"wp:attachment":[{"href":"https:\/\/psv-augsburg.de\/judo\/wp-json\/wp\/v2\/media?parent=1681"}],"wp:term":[{"taxonomy":"category","embeddable":true,"href":"https:\/\/psv-augsburg.de\/judo\/wp-json\/wp\/v2\/categories?post=1681"},{"taxonomy":"post_tag","embeddable":true,"href":"https:\/\/psv-augsburg.de\/judo\/wp-json\/wp\/v2\/tags?post=1681"}],"curies":[{"name":"wp","href":"https:\/\/api.w.org\/{rel}","templated":true}]}}