{"id":1672,"date":"2025-04-26T08:58:44","date_gmt":"2025-04-26T06:58:44","guid":{"rendered":"https:\/\/psv-augsburg.de\/judo\/?p=1672"},"modified":"2025-04-26T08:58:44","modified_gmt":"2025-04-26T06:58:44","slug":"neue-guertel-blau-gruen-und-viel-orange-gruen","status":"publish","type":"post","link":"https:\/\/psv-augsburg.de\/judo\/neue-guertel-blau-gruen-und-viel-orange-gruen\/","title":{"rendered":"Neue G\u00fcrtel &#8211; blau, gr\u00fcn und viel orange\/gr\u00fcn"},"content":{"rendered":"\n<p><img loading=\"lazy\" decoding=\"async\" class=\"alignnone size-full wp-image-1671\" src=\"https:\/\/psv-augsburg.de\/judo\/wp-content\/uploads\/2025\/04\/250425_Prueflinge-scaled.jpg\" alt=\"\" width=\"2560\" height=\"1537\" srcset=\"https:\/\/psv-augsburg.de\/judo\/wp-content\/uploads\/2025\/04\/250425_Prueflinge-scaled.jpg 2560w, https:\/\/psv-augsburg.de\/judo\/wp-content\/uploads\/2025\/04\/250425_Prueflinge-300x180.jpg 300w, https:\/\/psv-augsburg.de\/judo\/wp-content\/uploads\/2025\/04\/250425_Prueflinge-1024x615.jpg 1024w, https:\/\/psv-augsburg.de\/judo\/wp-content\/uploads\/2025\/04\/250425_Prueflinge-768x461.jpg 768w, https:\/\/psv-augsburg.de\/judo\/wp-content\/uploads\/2025\/04\/250425_Prueflinge-1536x922.jpg 1536w, https:\/\/psv-augsburg.de\/judo\/wp-content\/uploads\/2025\/04\/250425_Prueflinge-2048x1229.jpg 2048w, https:\/\/psv-augsburg.de\/judo\/wp-content\/uploads\/2025\/04\/250425_Prueflinge-2000x1200.jpg 2000w\" sizes=\"(max-width: 767px) 89vw, (max-width: 1000px) 54vw, (max-width: 1071px) 543px, 580px\" \/><\/p>\n<p><strong>Im April gab es bei der Judoabteilung mehrere Graduierungen in h\u00f6heren G\u00fcrtelfarben. Elias Schilling (nicht im Bild) erhielt den Blaugurt, Paul Seidel gr\u00fcn und den Orange\/Gr\u00fcn-Gurt erarbeiteten sich Lara Vorsthove, Max Ohnmei\u00df-Kelly, Leonhard Friedl (nicht im Bild), Jakob Renger, Max R\u00f6ttgen und Jakob Schilling.<\/strong><\/p>\n<p><strong>Herzlichen Gl\u00fcckwunsch von der Judoabteilung<\/strong><\/p>\n<p>&nbsp;<\/p>\n","protected":false},"excerpt":{"rendered":"<p>Im April gab es bei der Judoabteilung mehrere Graduierungen in h\u00f6heren G\u00fcrtelfarben. Elias Schilling (nicht im Bild) erhielt den Blaugurt, Paul Seidel gr\u00fcn und den Orange\/Gr\u00fcn-Gurt erarbeiteten sich Lara Vorsthove, Max Ohnmei\u00df-Kelly, Leonhard Friedl (nicht im Bild), Jakob Renger, Max R\u00f6ttgen und Jakob Schilling. Herzlichen Gl\u00fcckwunsch von der Judoabteilung &nbsp;<\/p>\n","protected":false},"author":5,"featured_media":0,"comment_status":"closed","ping_status":"closed","sticky":false,"template":"","format":"standard","meta":{"ngg_post_thumbnail":0,"footnotes":""},"categories":[1],"tags":[],"class_list":["post-1672","post","type-post","status-publish","format-standard","hentry","category-allgemein"],"post_mailing_queue_ids":[],"_links":{"self":[{"href":"https:\/\/psv-augsburg.de\/judo\/wp-json\/wp\/v2\/posts\/1672"}],"collection":[{"href":"https:\/\/psv-augsburg.de\/judo\/wp-json\/wp\/v2\/posts"}],"about":[{"href":"https:\/\/psv-augsburg.de\/judo\/wp-json\/wp\/v2\/types\/post"}],"author":[{"embeddable":true,"href":"https:\/\/psv-augsburg.de\/judo\/wp-json\/wp\/v2\/users\/5"}],"replies":[{"embeddable":true,"href":"https:\/\/psv-augsburg.de\/judo\/wp-json\/wp\/v2\/comments?post=1672"}],"version-history":[{"count":1,"href":"https:\/\/psv-augsburg.de\/judo\/wp-json\/wp\/v2\/posts\/1672\/revisions"}],"predecessor-version":[{"id":1673,"href":"https:\/\/psv-augsburg.de\/judo\/wp-json\/wp\/v2\/posts\/1672\/revisions\/1673"}],"wp:attachment":[{"href":"https:\/\/psv-augsburg.de\/judo\/wp-json\/wp\/v2\/media?parent=1672"}],"wp:term":[{"taxonomy":"category","embeddable":true,"href":"https:\/\/psv-augsburg.de\/judo\/wp-json\/wp\/v2\/categories?post=1672"},{"taxonomy":"post_tag","embeddable":true,"href":"https:\/\/psv-augsburg.de\/judo\/wp-json\/wp\/v2\/tags?post=1672"}],"curies":[{"name":"wp","href":"https:\/\/api.w.org\/{rel}","templated":true}]}}