{"id":1657,"date":"2025-04-18T09:08:45","date_gmt":"2025-04-18T07:08:45","guid":{"rendered":"https:\/\/psv-augsburg.de\/judo\/?p=1657"},"modified":"2025-04-18T09:18:12","modified_gmt":"2025-04-18T07:18:12","slug":"am-samstag-und-sonntag12-13-april-2025-fand-das-23-osterturnier-in-passau-statt","status":"publish","type":"post","link":"https:\/\/psv-augsburg.de\/judo\/am-samstag-und-sonntag12-13-april-2025-fand-das-23-osterturnier-in-passau-statt\/","title":{"rendered":"Am Samstag und Sonntag,12.\/13. April 2025 fand das 23.Osterturnier in Passau statt."},"content":{"rendered":"\n<p>Vom Polizei SV Augsburg gingen am Samstag vier Kinder in der der Altersklasse U11 an den Start. Unter den Augen der <strong>Coaches Stefan und Jochen<\/strong> zeigten ALLE eine tolle Leistung und erk\u00e4mpften sich einen Platz auf dem Treppchen<\/p>\n<p><img loading=\"lazy\" decoding=\"async\" class=\"alignnone  wp-image-1656\" src=\"https:\/\/psv-augsburg.de\/judo\/wp-content\/uploads\/2025\/04\/Teambild-Kids.jpg\" alt=\"\" width=\"672\" height=\"542\" srcset=\"https:\/\/psv-augsburg.de\/judo\/wp-content\/uploads\/2025\/04\/Teambild-Kids.jpg 1170w, https:\/\/psv-augsburg.de\/judo\/wp-content\/uploads\/2025\/04\/Teambild-Kids-300x242.jpg 300w, https:\/\/psv-augsburg.de\/judo\/wp-content\/uploads\/2025\/04\/Teambild-Kids-1024x825.jpg 1024w, https:\/\/psv-augsburg.de\/judo\/wp-content\/uploads\/2025\/04\/Teambild-Kids-768x619.jpg 768w\" sizes=\"(max-width: 672px) 100vw, 672px\" \/><\/p>\n\n\n\n<p><strong>Lukas Zimmermann<\/strong> war als J\u00fcngster dieser Kombo die gr\u00f6\u00dfte \u00dcberraschung. Seine ersten K\u00e4mpfe hat er klar gewonnen. Leider hat er sich im Finale einem deutlich \u00e4lteren K\u00e4mpfer beugen m\u00fcssen und wurde <strong>Zweiter.<\/strong><\/p>\n\n\n\n<p><strong>Johannes Knorz<\/strong> hatte einen guten Tag erwischt. Lediglich im Finale musste sich Johannes einem K\u00e4mpfer aus der Judohochburg des TSV Abensberg geschlagen geben und wurde ebenfalls <strong>Zweiter.<\/strong><\/p>\n\n\n\n<p><strong>Matei Cuclenco<\/strong> konnte sich in einer extrem starken Gewichtsklasse &#8211; mit viel Kampfgeist &#8211; den <strong>dritten Platz<\/strong>.erk\u00e4mpfen. Mit ein wenig Gl\u00fcck ist das n\u00e4chste Mal mehr drin.<\/p>\n\n\n\n<p>Eine weitere gro\u00dfe \u00dcberraschung war <strong>Felix Zimmermann<\/strong>. Er hatte ein paar Probleme mit den Regeln und machte es sich dadurch selbst schwer. Aber Felix konnte dies durch eine sehr starke Leistung ausgleichen, gewann seine Gewichtsklasse und wurde <strong>Erster.<\/strong><\/p>\n\n\n\n\n<p><img loading=\"lazy\" decoding=\"async\" class=\"alignnone  wp-image-1668\" src=\"https:\/\/psv-augsburg.de\/judo\/wp-content\/uploads\/2025\/04\/Die-Kaempfer.jpg\" alt=\"\" width=\"561\" height=\"430\" srcset=\"https:\/\/psv-augsburg.de\/judo\/wp-content\/uploads\/2025\/04\/Die-Kaempfer.jpg 526w, https:\/\/psv-augsburg.de\/judo\/wp-content\/uploads\/2025\/04\/Die-Kaempfer-300x230.jpg 300w\" sizes=\"(max-width: 561px) 100vw, 561px\" \/><\/p>\n\n\n\n<p>Am Sonntag startete \u2013 in der Gewichtsklasse bis 90 kg &#8211; <strong>Artem Barkanov<\/strong> als einziger Erwachsener Teilnehmer des PSV<strong>. <\/strong>Nach einem Freilos gelang es Artem im 2. Kampf seinen Gegner innerhalb k\u00fcrzester Zeit mit seiner Spezialtechnik eindrucksvoll zu besiegen (siehe Video) Er musste sich dann gegen den sp\u00e4teren Erstplatzierten geschlagen geben und erk\u00e4mpfte sich den <strong>5. Platz.&nbsp;&nbsp;<\/strong><\/p>\n\n\n\n<p><a href=\"https:\/\/psv-augsburg.de\/judo\/wp-content\/uploads\/2025\/04\/250413_Osterturnier-Artem.mp4\">https:\/\/psv-augsburg.de\/judo\/wp-content\/uploads\/2025\/04\/250413_Osterturnier-Artem.mp4<\/a><\/p>\n\n\n\n<p>&nbsp;<\/p>\n<p>&nbsp;<\/p>\n","protected":false},"excerpt":{"rendered":"<p>Vom Polizei SV Augsburg gingen am Samstag vier Kinder in der der Altersklasse U11 an den Start. Unter den Augen der Coaches Stefan und Jochen zeigten ALLE eine tolle Leistung und erk\u00e4mpften sich einen Platz auf dem Treppchen Lukas Zimmermann war als J\u00fcngster dieser Kombo die gr\u00f6\u00dfte \u00dcberraschung. Seine ersten K\u00e4mpfe hat er klar gewonnen. &hellip; <\/p>\n<p class=\"link-more\"><a href=\"https:\/\/psv-augsburg.de\/judo\/am-samstag-und-sonntag12-13-april-2025-fand-das-23-osterturnier-in-passau-statt\/\" class=\"more-link\"><span class=\"screen-reader-text\">\u201eAm Samstag und Sonntag,12.\/13. April 2025 fand das 23.Osterturnier in Passau statt.\u201c<\/span> weiterlesen<\/a><\/p>\n","protected":false},"author":5,"featured_media":0,"comment_status":"closed","ping_status":"closed","sticky":false,"template":"","format":"standard","meta":{"ngg_post_thumbnail":0,"footnotes":""},"categories":[1],"tags":[],"class_list":["post-1657","post","type-post","status-publish","format-standard","hentry","category-allgemein"],"post_mailing_queue_ids":[],"_links":{"self":[{"href":"https:\/\/psv-augsburg.de\/judo\/wp-json\/wp\/v2\/posts\/1657"}],"collection":[{"href":"https:\/\/psv-augsburg.de\/judo\/wp-json\/wp\/v2\/posts"}],"about":[{"href":"https:\/\/psv-augsburg.de\/judo\/wp-json\/wp\/v2\/types\/post"}],"author":[{"embeddable":true,"href":"https:\/\/psv-augsburg.de\/judo\/wp-json\/wp\/v2\/users\/5"}],"replies":[{"embeddable":true,"href":"https:\/\/psv-augsburg.de\/judo\/wp-json\/wp\/v2\/comments?post=1657"}],"version-history":[{"count":6,"href":"https:\/\/psv-augsburg.de\/judo\/wp-json\/wp\/v2\/posts\/1657\/revisions"}],"predecessor-version":[{"id":1669,"href":"https:\/\/psv-augsburg.de\/judo\/wp-json\/wp\/v2\/posts\/1657\/revisions\/1669"}],"wp:attachment":[{"href":"https:\/\/psv-augsburg.de\/judo\/wp-json\/wp\/v2\/media?parent=1657"}],"wp:term":[{"taxonomy":"category","embeddable":true,"href":"https:\/\/psv-augsburg.de\/judo\/wp-json\/wp\/v2\/categories?post=1657"},{"taxonomy":"post_tag","embeddable":true,"href":"https:\/\/psv-augsburg.de\/judo\/wp-json\/wp\/v2\/tags?post=1657"}],"curies":[{"name":"wp","href":"https:\/\/api.w.org\/{rel}","templated":true}]}}