{"id":1477,"date":"2024-03-05T19:35:56","date_gmt":"2024-03-05T18:35:56","guid":{"rendered":"https:\/\/psv-augsburg.de\/judo\/?p=1477"},"modified":"2024-03-05T20:50:21","modified_gmt":"2024-03-05T19:50:21","slug":"harte-bedingungen-fuer-erststarter-auf-u13-u15-turnier","status":"publish","type":"post","link":"https:\/\/psv-augsburg.de\/judo\/harte-bedingungen-fuer-erststarter-auf-u13-u15-turnier\/","title":{"rendered":"Harte Bedingungen f\u00fcr Erststarter auf U13 \/ U15 Turnier"},"content":{"rendered":"\n<figure id=\"attachment_1468\" aria-describedby=\"caption-attachment-1468\" style=\"width: 2480px\" class=\"wp-caption alignnone\"><img loading=\"lazy\" decoding=\"async\" class=\"wp-image-1468 size-full\" src=\"https:\/\/psv-augsburg.de\/judo\/wp-content\/uploads\/2024\/03\/Team-scaled.jpg\" alt=\"\" width=\"2480\" height=\"2560\" srcset=\"https:\/\/psv-augsburg.de\/judo\/wp-content\/uploads\/2024\/03\/Team-scaled.jpg 2480w, https:\/\/psv-augsburg.de\/judo\/wp-content\/uploads\/2024\/03\/Team-291x300.jpg 291w, https:\/\/psv-augsburg.de\/judo\/wp-content\/uploads\/2024\/03\/Team-992x1024.jpg 992w, https:\/\/psv-augsburg.de\/judo\/wp-content\/uploads\/2024\/03\/Team-768x793.jpg 768w, https:\/\/psv-augsburg.de\/judo\/wp-content\/uploads\/2024\/03\/Team-1488x1536.jpg 1488w, https:\/\/psv-augsburg.de\/judo\/wp-content\/uploads\/2024\/03\/Team-1984x2048.jpg 1984w\" sizes=\"(max-width: 767px) 89vw, (max-width: 1000px) 54vw, (max-width: 1071px) 543px, 580px\" \/><figcaption id=\"caption-attachment-1468\" class=\"wp-caption-text\">stehend: Max O., Alexander, Max R. und Coach Luigi kniend: Eman, Sam und Jakob (von links)<\/figcaption><\/figure>\n<p><strong>Am 3. M\u00e4rz 2024<\/strong> fanden die <strong>Schw\u00e4bischen Einzelmeisterschaft U13 und das \u201eoffene\u201c Ranglistenturnier U15 in Memmingen <\/strong>statt<strong>.<\/strong>&nbsp; Bei den U13 starteten <strong>Samuel Ohnmei\u00df-Kelly<\/strong> und <strong>Eman Talundzic <\/strong>erstmalig auf einer offiziellen Meisterschaft.<\/p>\n<p>In der, mit 20 Teilnehmern am st\u00e4rksten besetzten, Gewichtsklasse <strong>-34 kg<\/strong> konnte <strong>Samuel<\/strong> seinen ersten Kampf gewinnen, verlor jedoch den Zweiten und musste in die Trostrunde. Wieder gewann er den ersten Kampf und verlor die Folgebegegnung. Somit wurde es leider nur eine Platzierung im Teilnehmerfeld.<\/p>\n<p>In der Klasse <strong>-50 kg <\/strong>musste <strong>Eman<\/strong> 3 K\u00e4mpfe absolvieren. Nach 1 x Sieg, 1 x Niederlage und 1 x Niederlage durch Kampfrichterentscheid (aufgrund Punktgleichheit) erreichte er den <strong>3. Platz.<\/strong><\/p>\n<div id='gallery-1' class='gallery galleryid-1477 gallery-columns-3 gallery-size-thumbnail'><figure class='gallery-item'>\n\t\t\t<div class='gallery-icon landscape'>\n\t\t\t\t<a href='https:\/\/psv-augsburg.de\/judo\/teilnehmer\/'><img loading=\"lazy\" decoding=\"async\" width=\"150\" height=\"150\" src=\"https:\/\/psv-augsburg.de\/judo\/wp-content\/uploads\/2024\/03\/Teilnehmer-150x150.jpg\" class=\"attachment-thumbnail size-thumbnail\" alt=\"\" srcset=\"https:\/\/psv-augsburg.de\/judo\/wp-content\/uploads\/2024\/03\/Teilnehmer-150x150.jpg 150w, https:\/\/psv-augsburg.de\/judo\/wp-content\/uploads\/2024\/03\/Teilnehmer-100x100.jpg 100w\" sizes=\"100vw\" \/><\/a>\n\t\t\t<\/div><\/figure><figure class='gallery-item'>\n\t\t\t<div class='gallery-icon portrait'>\n\t\t\t\t<a href='https:\/\/psv-augsburg.de\/judo\/u13_sam\/'><img loading=\"lazy\" decoding=\"async\" width=\"150\" height=\"150\" src=\"https:\/\/psv-augsburg.de\/judo\/wp-content\/uploads\/2024\/03\/U13_Sam-150x150.jpg\" class=\"attachment-thumbnail size-thumbnail\" alt=\"\" aria-describedby=\"gallery-1-1472\" srcset=\"https:\/\/psv-augsburg.de\/judo\/wp-content\/uploads\/2024\/03\/U13_Sam-150x150.jpg 150w, https:\/\/psv-augsburg.de\/judo\/wp-content\/uploads\/2024\/03\/U13_Sam-100x100.jpg 100w\" sizes=\"100vw\" \/><\/a>\n\t\t\t<\/div>\n\t\t\t\t<figcaption class='wp-caption-text gallery-caption' id='gallery-1-1472'>\n\t\t\t\tSamuel\n\t\t\t\t<\/figcaption><\/figure><figure class='gallery-item'>\n\t\t\t<div class='gallery-icon portrait'>\n\t\t\t\t<a href='https:\/\/psv-augsburg.de\/judo\/u-13_eman\/'><img loading=\"lazy\" decoding=\"async\" width=\"150\" height=\"150\" src=\"https:\/\/psv-augsburg.de\/judo\/wp-content\/uploads\/2024\/03\/U-13_Eman-150x150.jpg\" class=\"attachment-thumbnail size-thumbnail\" alt=\"\" aria-describedby=\"gallery-1-1470\" srcset=\"https:\/\/psv-augsburg.de\/judo\/wp-content\/uploads\/2024\/03\/U-13_Eman-150x150.jpg 150w, https:\/\/psv-augsburg.de\/judo\/wp-content\/uploads\/2024\/03\/U-13_Eman-100x100.jpg 100w\" sizes=\"100vw\" \/><\/a>\n\t\t\t<\/div>\n\t\t\t\t<figcaption class='wp-caption-text gallery-caption' id='gallery-1-1470'>\n\t\t\t\tEman\n\t\t\t\t<\/figcaption><\/figure><figure class='gallery-item'>\n\t\t\t<div class='gallery-icon portrait'>\n\t\t\t\t<a href='https:\/\/psv-augsburg.de\/judo\/u13_eman_siegerehrung\/'><img loading=\"lazy\" decoding=\"async\" width=\"150\" height=\"150\" src=\"https:\/\/psv-augsburg.de\/judo\/wp-content\/uploads\/2024\/03\/U13_Eman_Siegerehrung-e1709663922513-150x150.jpg\" class=\"attachment-thumbnail size-thumbnail\" alt=\"\" aria-describedby=\"gallery-1-1471\" srcset=\"https:\/\/psv-augsburg.de\/judo\/wp-content\/uploads\/2024\/03\/U13_Eman_Siegerehrung-e1709663922513-150x150.jpg 150w, https:\/\/psv-augsburg.de\/judo\/wp-content\/uploads\/2024\/03\/U13_Eman_Siegerehrung-e1709663922513-100x100.jpg 100w\" sizes=\"100vw\" \/><\/a>\n\t\t\t<\/div>\n\t\t\t\t<figcaption class='wp-caption-text gallery-caption' id='gallery-1-1471'>\n\t\t\t\tEmans Siegerehrung\n\t\t\t\t<\/figcaption><\/figure>\n\t\t<\/div>\n\n<p>Sehr schwer hatten es die Jungs beim <strong>Schw\u00e4bischen Ranglistenturnier U15,<\/strong> u.a. da der M\u00fcnchner Gro\u00dfverein TSV Gro\u00dfhadern seine Kampfmannschaft auf das \u201eoffene\u201c Turnier nach Schwaben schickte. <strong>Alexander M\u00fcller, Max Ohnmei\u00df-Kelly<\/strong> und <strong>Max R\u00f6ttgen<\/strong> standen erstmals auf der Wettkampfmatte, w\u00e4hrend <strong>Jakob Renger<\/strong> zumindest eine Teilnahme vorweisen konnte.<\/p>\n<p>Im System \u201eJeder gegen Jeden\u201c k\u00e4mpften<strong> Alexander M\u00fcller (+66 kg)<\/strong> und <strong>Max Ohnmei\u00df-Kelly (-50 kg) <\/strong>jeweils 4 x in ihrer Gewichtsklasse. Trotz starker Gegenwehr (und mit \u201ekleinen Blessuren\u201c) mussten sie sich den \u00fcberlegenen Gegnern geschlagen geben und erreichten je den <strong>5. Platz.<\/strong><\/p>\n<p><strong>Jakob Renger und Max R\u00f6ttgen<\/strong> starteten, in der mit 5 M\u00fcnchner sehr stark besetzten, Gewichtsklasse<strong> -40 kg. <\/strong>Bei seiner ersten Begegnung war Jakob auf Augenh\u00f6he mit seinem Gegner, verlor letztendlich jedoch durch 1 kleine Wertung. Die weiteren K\u00e4mpfe musste er, ebenso wie Max, an die erfahrenen Gegner abtreten. So erreichten Beide an diesem Tag leider keinen Platz unter den ersten 5<\/p>\n<div id='gallery-2' class='gallery galleryid-1477 gallery-columns-3 gallery-size-thumbnail'><figure class='gallery-item'>\n\t\t\t<div class='gallery-icon portrait'>\n\t\t\t\t<a href='https:\/\/psv-augsburg.de\/judo\/harte-bedingungen-fuer-erststarter-auf-u13-u15-turnier\/u15_alexander\/'><img loading=\"lazy\" decoding=\"async\" width=\"150\" height=\"150\" src=\"https:\/\/psv-augsburg.de\/judo\/wp-content\/uploads\/2024\/03\/U15_Alexander-150x150.jpg\" class=\"attachment-thumbnail size-thumbnail\" alt=\"\" aria-describedby=\"gallery-2-1473\" srcset=\"https:\/\/psv-augsburg.de\/judo\/wp-content\/uploads\/2024\/03\/U15_Alexander-150x150.jpg 150w, https:\/\/psv-augsburg.de\/judo\/wp-content\/uploads\/2024\/03\/U15_Alexander-100x100.jpg 100w\" sizes=\"100vw\" \/><\/a>\n\t\t\t<\/div>\n\t\t\t\t<figcaption class='wp-caption-text gallery-caption' id='gallery-2-1473'>\n\t\t\t\tAlexander\n\t\t\t\t<\/figcaption><\/figure><figure class='gallery-item'>\n\t\t\t<div class='gallery-icon portrait'>\n\t\t\t\t<a href='https:\/\/psv-augsburg.de\/judo\/harte-bedingungen-fuer-erststarter-auf-u13-u15-turnier\/u15_max-o\/'><img loading=\"lazy\" decoding=\"async\" width=\"150\" height=\"150\" src=\"https:\/\/psv-augsburg.de\/judo\/wp-content\/uploads\/2024\/03\/U15_Max-O-150x150.jpg\" class=\"attachment-thumbnail size-thumbnail\" alt=\"\" aria-describedby=\"gallery-2-1475\" srcset=\"https:\/\/psv-augsburg.de\/judo\/wp-content\/uploads\/2024\/03\/U15_Max-O-150x150.jpg 150w, https:\/\/psv-augsburg.de\/judo\/wp-content\/uploads\/2024\/03\/U15_Max-O-100x100.jpg 100w\" sizes=\"100vw\" \/><\/a>\n\t\t\t<\/div>\n\t\t\t\t<figcaption class='wp-caption-text gallery-caption' id='gallery-2-1475'>\n\t\t\t\tMax Ohnmei\u00df-Kelly\n\t\t\t\t<\/figcaption><\/figure><figure class='gallery-item'>\n\t\t\t<div class='gallery-icon portrait'>\n\t\t\t\t<a href='https:\/\/psv-augsburg.de\/judo\/harte-bedingungen-fuer-erststarter-auf-u13-u15-turnier\/u15_jakob\/'><img loading=\"lazy\" decoding=\"async\" width=\"150\" height=\"150\" src=\"https:\/\/psv-augsburg.de\/judo\/wp-content\/uploads\/2024\/03\/U15_Jakob-150x150.jpg\" class=\"attachment-thumbnail size-thumbnail\" alt=\"\" aria-describedby=\"gallery-2-1474\" srcset=\"https:\/\/psv-augsburg.de\/judo\/wp-content\/uploads\/2024\/03\/U15_Jakob-150x150.jpg 150w, https:\/\/psv-augsburg.de\/judo\/wp-content\/uploads\/2024\/03\/U15_Jakob-100x100.jpg 100w\" sizes=\"100vw\" \/><\/a>\n\t\t\t<\/div>\n\t\t\t\t<figcaption class='wp-caption-text gallery-caption' id='gallery-2-1474'>\n\t\t\t\tJakob\n\t\t\t\t<\/figcaption><\/figure><figure class='gallery-item'>\n\t\t\t<div class='gallery-icon portrait'>\n\t\t\t\t<a href='https:\/\/psv-augsburg.de\/judo\/harte-bedingungen-fuer-erststarter-auf-u13-u15-turnier\/u15_max-r\/'><img loading=\"lazy\" decoding=\"async\" width=\"150\" height=\"150\" src=\"https:\/\/psv-augsburg.de\/judo\/wp-content\/uploads\/2024\/03\/U15_Max-R-e1709664376629-150x150.jpg\" class=\"attachment-thumbnail size-thumbnail\" alt=\"\" aria-describedby=\"gallery-2-1476\" srcset=\"https:\/\/psv-augsburg.de\/judo\/wp-content\/uploads\/2024\/03\/U15_Max-R-e1709664376629-150x150.jpg 150w, https:\/\/psv-augsburg.de\/judo\/wp-content\/uploads\/2024\/03\/U15_Max-R-e1709664376629-100x100.jpg 100w\" sizes=\"100vw\" \/><\/a>\n\t\t\t<\/div>\n\t\t\t\t<figcaption class='wp-caption-text gallery-caption' id='gallery-2-1476'>\n\t\t\t\tMax R\u00f6ttgen\n\t\t\t\t<\/figcaption><\/figure>\n\t\t<\/div>\n\n<p>Die Judoabteilung und die Kindertrainer gratulieren den K\u00e4mpfern f\u00fcr ihre gezeigte Leistung und den Kampfwillen. Bessere Platzierungen waren diesmal leider nicht drin, zumal die Besetzung der Veranstaltung ein etwas harter Einstieg f\u00fcr unsere Neulinge war.<\/p>\n<p>&nbsp;&nbsp;<\/p>\n","protected":false},"excerpt":{"rendered":"<p>Am 3. M\u00e4rz 2024 fanden die Schw\u00e4bischen Einzelmeisterschaft U13 und das \u201eoffene\u201c Ranglistenturnier U15 in Memmingen statt.&nbsp; Bei den U13 starteten Samuel Ohnmei\u00df-Kelly und Eman Talundzic erstmalig auf einer offiziellen Meisterschaft. In der, mit 20 Teilnehmern am st\u00e4rksten besetzten, Gewichtsklasse -34 kg konnte Samuel seinen ersten Kampf gewinnen, verlor jedoch den Zweiten und musste in &hellip; <\/p>\n<p class=\"link-more\"><a href=\"https:\/\/psv-augsburg.de\/judo\/harte-bedingungen-fuer-erststarter-auf-u13-u15-turnier\/\" class=\"more-link\"><span class=\"screen-reader-text\">\u201eHarte Bedingungen f\u00fcr Erststarter auf U13 \/ U15 Turnier\u201c<\/span> weiterlesen<\/a><\/p>\n","protected":false},"author":5,"featured_media":0,"comment_status":"closed","ping_status":"closed","sticky":false,"template":"","format":"standard","meta":{"ngg_post_thumbnail":0,"footnotes":""},"categories":[1],"tags":[],"class_list":["post-1477","post","type-post","status-publish","format-standard","hentry","category-allgemein"],"post_mailing_queue_ids":[],"_links":{"self":[{"href":"https:\/\/psv-augsburg.de\/judo\/wp-json\/wp\/v2\/posts\/1477"}],"collection":[{"href":"https:\/\/psv-augsburg.de\/judo\/wp-json\/wp\/v2\/posts"}],"about":[{"href":"https:\/\/psv-augsburg.de\/judo\/wp-json\/wp\/v2\/types\/post"}],"author":[{"embeddable":true,"href":"https:\/\/psv-augsburg.de\/judo\/wp-json\/wp\/v2\/users\/5"}],"replies":[{"embeddable":true,"href":"https:\/\/psv-augsburg.de\/judo\/wp-json\/wp\/v2\/comments?post=1477"}],"version-history":[{"count":3,"href":"https:\/\/psv-augsburg.de\/judo\/wp-json\/wp\/v2\/posts\/1477\/revisions"}],"predecessor-version":[{"id":1481,"href":"https:\/\/psv-augsburg.de\/judo\/wp-json\/wp\/v2\/posts\/1477\/revisions\/1481"}],"wp:attachment":[{"href":"https:\/\/psv-augsburg.de\/judo\/wp-json\/wp\/v2\/media?parent=1477"}],"wp:term":[{"taxonomy":"category","embeddable":true,"href":"https:\/\/psv-augsburg.de\/judo\/wp-json\/wp\/v2\/categories?post=1477"},{"taxonomy":"post_tag","embeddable":true,"href":"https:\/\/psv-augsburg.de\/judo\/wp-json\/wp\/v2\/tags?post=1477"}],"curies":[{"name":"wp","href":"https:\/\/api.w.org\/{rel}","templated":true}]}}